{"id":38645,"date":"2026-07-15T14:41:04","date_gmt":"2026-07-15T12:41:04","guid":{"rendered":"https:\/\/www.hellocare.com\/blog\/?p=38645"},"modified":"2026-09-04T11:23:53","modified_gmt":"2026-09-04T09:23:53","slug":"vertiges-symptomes-causes-et-traitement","status":"publish","type":"post","link":"https:\/\/wordpress.hc-prod.kub.hellocare.net\/blog\/vertiges-symptomes-causes-et-traitement\/","title":{"rendered":"Vertiges : sympt\u00f4mes, causes et traitement"},"content":{"rendered":"<p>Les vertiges sont un sympt\u00f4me fr\u00e9quent qui peut impressionner, car ils donnent une sensation de perte d\u2019\u00e9quilibre, de t\u00eate l\u00e9g\u00e8re ou de rotation de l\u2019environnement. Ils ne sont pas une maladie en soi, mais le signal d\u2019un trouble tr\u00e8s vari\u00e9, allant d\u2019une simple baisse de tension \u00e0 un probl\u00e8me de l\u2019oreille interne, d\u2019une migraine vestibulaire ou, plus rarement, d\u2019une urgence neurologique. En France, les \u00e9pisodes li\u00e9s \u00e0 la chaleur ont aussi montr\u00e9 l\u2019importance d\u2019identifier rapidement les signes inqui\u00e9tants, notamment lors des fortes temp\u00e9ratures qui d\u00e9passent souvent 35 \u00b0C en \u00e9t\u00e9. Comprendre les causes, reconna\u00eetre les sympt\u00f4mes associ\u00e9s et savoir quand consulter permet d\u2019\u00e9viter les erreurs d\u2019interpr\u00e9tation et de r\u00e9agir correctement.<\/p>\n<p>Les vertiges peuvent survenir apr\u00e8s un mouvement brusque, au lever, en marchant, ou au repos, et ils s\u2019accompagnent parfois de naus\u00e9es, de sueurs, d\u2019acouph\u00e8nes, d\u2019une vision floue ou d\u2019une sensation d\u2019oreille bouch\u00e9e. Dans certains cas, la cause est b\u00e9nigne, mais dans d\u2019autres, elle impose un avis m\u00e9dical rapide, surtout si les troubles s\u2019associent \u00e0 une faiblesse d\u2019un c\u00f4t\u00e9 du corps, \u00e0 une paralysie faciale ou \u00e0 des difficult\u00e9s \u00e0 parler. Pendant la canicule de 2003, pr\u00e8s de 15 000 d\u00e9c\u00e8s ont \u00e9t\u00e9 attribu\u00e9s en exc\u00e8s aux fortes chaleurs en France, rappelant \u00e0 quel point des sympt\u00f4mes comme le malaise, l\u2019\u00e9tourdissement et la confusion doivent \u00eatre pris au s\u00e9rieux. Cet article d\u00e9taille les m\u00e9canismes des vertiges, les examens utiles, les traitements possibles et les situations d\u2019urgence.<\/p>\n<h2>Vertiges : que faut-il vraiment comprendre ?<\/h2>\n<p>Les vertiges d\u00e9signent une sensation anormale de mouvement. La personne peut avoir l\u2019impression que tout tourne, que le sol se d\u00e9robe, ou que son propre corps vacille.<\/p>\n<p>Cette sensation vient souvent d\u2019un conflit entre plusieurs syst\u00e8mes qui aident \u00e0 garder l\u2019\u00e9quilibre : l\u2019oreille interne, la vision, les muscles, les articulations et le cerveau. Quand l\u2019un de ces syst\u00e8mes transmet une information contradictoire, l\u2019organisme perd ses rep\u00e8res.<\/p>\n<h3>Vertiges, \u00e9tourdissements ou malaise : quelle diff\u00e9rence ?<\/h3>\n<p>Le mot \u201cvertige\u201d est souvent utilis\u00e9 pour d\u00e9crire plusieurs sensations diff\u00e9rentes. Pourtant, toutes ne rel\u00e8vent pas du m\u00eame probl\u00e8me.<\/p>\n<p>On distingue notamment :<br \/>\n&#8211; le vertige rotatoire, avec impression que la pi\u00e8ce tourne ;<br \/>\n&#8211; l\u2019\u00e9tourdissement, avec t\u00eate l\u00e9g\u00e8re ou flottement ;<br \/>\n&#8211; le malaise, avec sensation de faiblesse, sueurs ou impression de tomber ;<br \/>\n&#8211; l\u2019instabilit\u00e9, avec difficult\u00e9 \u00e0 tenir debout ou \u00e0 marcher droit.<\/p>\n<p>Cette distinction compte, car un vertige rotatoire \u00e9voque plus volontiers une atteinte vestibulaire, alors qu\u2019un malaise oriente davantage vers une baisse de tension, une hypoglyc\u00e9mie ou une d\u00e9shydratation. Un bon rep\u00e9rage des sympt\u00f4mes aide donc \u00e0 mieux orienter le diagnostic.<\/p>\n<h3>Pourquoi les vertiges inqui\u00e8tent-ils autant ?<\/h3>\n<p>Les vertiges touchent directement un besoin essentiel : garder l\u2019\u00e9quilibre. Ils peuvent donc \u00eatre tr\u00e8s handicapants, m\u00eame s\u2019ils sont parfois b\u00e9nins.<\/p>\n<p>Ils inqui\u00e8tent aussi parce qu\u2019ils peuvent annoncer des situations tr\u00e8s diff\u00e9rentes, depuis un simple cristallin d\u00e9plac\u00e9 dans l\u2019oreille interne jusqu\u2019\u00e0 un accident vasculaire c\u00e9r\u00e9bral. Cette diversit\u00e9 explique qu\u2019un m\u00eame mot recouvre des r\u00e9alit\u00e9s m\u00e9dicales tr\u00e8s distinctes.<\/p>\n<h2>Quelles sont les causes des vertiges les plus fr\u00e9quentes ?<\/h2>\n<p>Les causes des vertiges sont nombreuses, et le contexte d\u2019apparition donne souvent un premier indice. Certaines situations reviennent tr\u00e8s souvent en consultation.<\/p>\n<h3>Le vertige positionnel paroxystique b\u00e9nin, cause tr\u00e8s fr\u00e9quente<\/h3>\n<p>Le vertige positionnel paroxystique b\u00e9nin, souvent abr\u00e9g\u00e9 VPPB, est l\u2019une des causes les plus courantes. Il survient lorsque de petits cristaux de l\u2019oreille interne se d\u00e9placent et perturbent le syst\u00e8me de l\u2019\u00e9quilibre.<\/p>\n<p>Il se manifeste typiquement lors de certains mouvements de t\u00eate :<br \/>\n&#8211; se coucher ;<br \/>\n&#8211; se retourner dans le lit ;<br \/>\n&#8211; regarder vers le haut ;<br \/>\n&#8211; se pencher en avant.<\/p>\n<p>Les crises durent souvent quelques secondes \u00e0 moins d\u2019une minute. M\u00eame si elles sont impressionnantes, elles sont g\u00e9n\u00e9ralement b\u00e9nignes et se traitent efficacement par des man\u0153uvres m\u00e9dicales sp\u00e9cifiques.<\/p>\n<h3>La maladie de M\u00e9ni\u00e8re peut-elle provoquer des vertiges ?<\/h3>\n<p>Oui, la maladie de M\u00e9ni\u00e8re est une cause classique de vertiges r\u00e9cidivants. Elle associe souvent plusieurs signes en m\u00eame temps.<\/p>\n<p>Les sympt\u00f4mes typiques sont :<br \/>\n&#8211; des crises de vertige prolong\u00e9es ;<br \/>\n&#8211; des acouph\u00e8nes ;<br \/>\n&#8211; une sensation d\u2019oreille bouch\u00e9e ;<br \/>\n&#8211; une baisse d\u2019audition fluctuante.<\/p>\n<p>La crise peut durer de 20 minutes \u00e0 plusieurs heures. Entre les \u00e9pisodes, la personne peut se sentir \u00e0 peu pr\u00e8s normale, ce qui rend parfois le diagnostic plus difficile.<\/p>\n<h3>Une infection de l\u2019oreille peut-elle donner des vertiges ?<\/h3>\n<p>Oui, certaines infections ou inflammations de l\u2019oreille interne ou du nerf vestibulaire peuvent d\u00e9clencher des vertiges importants. On parle alors de n\u00e9vrite vestibulaire ou de labyrinthite selon la situation.<\/p>\n<p>Souvent, cela s\u2019accompagne de naus\u00e9es, de vomissements et d\u2019un d\u00e9s\u00e9quilibre net. Dans la majorit\u00e9 des cas, l\u2019audition n\u2019est pas atteinte dans la n\u00e9vrite vestibulaire, ce qui aide au diagnostic.<\/p>\n<h3>Les vertiges peuvent-ils venir d\u2019un probl\u00e8me neurologique ?<\/h3>\n<p>Oui, et c\u2019est l\u2019un des points \u00e0 ne pas manquer. Un trouble du cerveau ou du tronc c\u00e9r\u00e9bral peut provoquer des vertiges, parfois sans autre douleur.<\/p>\n<p>Il faut penser \u00e0 une cause neurologique si les vertiges sont associ\u00e9s \u00e0 :<br \/>\n&#8211; une faiblesse d\u2019un bras ou d\u2019une jambe ;<br \/>\n&#8211; des troubles de la parole ;<br \/>\n&#8211; une vision double ;<br \/>\n&#8211; une d\u00e9marche tr\u00e8s instable ;<br \/>\n&#8211; un mal de t\u00eate brutal inhabituel.<\/p>\n<p>Dans ce cas, un avis m\u00e9dical urgent s\u2019impose, car un accident vasculaire c\u00e9r\u00e9bral doit \u00eatre \u00e9limin\u00e9 rapidement.<\/p>\n<h3>La tension basse, la d\u00e9shydratation ou l\u2019hypoglyc\u00e9mie peuvent-elles jouer un r\u00f4le ?<\/h3>\n<p>Oui, et ces causes sont fr\u00e9quentes, surtout en p\u00e9riode de chaleur, apr\u00e8s un effort ou apr\u00e8s un repas insuffisant. Elles entra\u00eenent plut\u00f4t un \u00e9tourdissement qu\u2019un vrai vertige rotatoire.<\/p>\n<p>Une baisse de tension orthostatique peut appara\u00eetre lors du passage couch\u00e9-debout. L\u2019hypoglyc\u00e9mie donne souvent aussi tremblements, sueurs, faim et fatigue. La d\u00e9shydratation, elle, s\u2019accompagne parfois de bouche s\u00e8che, d\u2019urines fonc\u00e9es et d\u2019une sensation de faiblesse g\u00e9n\u00e9rale.<\/p>\n<h3>Le stress et l\u2019anxi\u00e9t\u00e9 peuvent-ils provoquer des vertiges ?<\/h3>\n<p>Oui, le stress peut accentuer la perception du d\u00e9s\u00e9quilibre. L\u2019anxi\u00e9t\u00e9 peut aussi entra\u00eener une hyperventilation qui modifie les sensations corporelles.<\/p>\n<p>Dans ce cas, les sympt\u00f4mes sont souvent :<br \/>\n&#8211; une impression de flottement ;<br \/>\n&#8211; une respiration rapide ;<br \/>\n&#8211; des palpitations ;<br \/>\n&#8211; une sensation d\u2019irr\u00e9alit\u00e9 ;<br \/>\n&#8211; parfois des fourmillements.<\/p>\n<p>M\u00eame si le stress n\u2019explique pas tout, il peut aggraver un trouble d\u00e9j\u00e0 pr\u00e9sent ou en mimer certains signes.<\/p>\n<h2>Quels sympt\u00f4mes accompagnent souvent les vertiges ?<\/h2>\n<p>Les vertiges ne viennent pas toujours seuls. D\u2019autres signes aident \u00e0 comprendre leur origine.<\/p>\n<h3>Les signes digestifs sont-ils fr\u00e9quents ?<\/h3>\n<p>Oui, les naus\u00e9es sont tr\u00e8s fr\u00e9quentes. Les vomissements peuvent survenir lorsque l\u2019oreille interne est fortement perturb\u00e9e.<\/p>\n<p>Cette r\u00e9action s\u2019explique par les liens \u00e9troits entre le syst\u00e8me vestibulaire et les centres du vomissement. Plus le vertige est intense, plus les sympt\u00f4mes digestifs ont tendance \u00e0 \u00eatre marqu\u00e9s.<\/p>\n<h3>Faut-il s\u2019inqui\u00e9ter d\u2019une perte d\u2019audition ?<\/h3>\n<p>Une baisse d\u2019audition, surtout si elle est brutale ou fluctuante, oriente vers une cause de l\u2019oreille interne. Elle doit toujours \u00eatre prise en compte.<\/p>\n<p>L\u2019association vertiges + acouph\u00e8nes + sensation d\u2019oreille pleine est particuli\u00e8rement \u00e9vocatrice de certaines maladies vestibulaires. Une consultation ORL est souvent utile dans ce contexte.<\/p>\n<h3>La vision peut-elle \u00eatre perturb\u00e9e ?<\/h3>\n<p>Oui, la vision peut devenir floue, tremblante ou double. Certaines personnes ont l\u2019impression que les objets \u00ab\u00a0bougent\u00a0\u00bb lorsqu\u2019elles tournent la t\u00eate.<\/p>\n<p>Ce ph\u00e9nom\u00e8ne traduit parfois un nystagmus, c\u2019est-\u00e0-dire des mouvements involontaires et rapides des yeux. C\u2019est un signe clinique important pour le m\u00e9decin.<\/p>\n<h2>Comment le m\u00e9decin \u00e9value-t-il des vertiges ?<\/h2>\n<p>L\u2019\u00e9valuation repose d\u2019abord sur l\u2019histoire des sympt\u00f4mes. Le m\u00e9decin cherche \u00e0 savoir quand les vertiges ont commenc\u00e9, combien de temps ils durent et ce qui les d\u00e9clenche.<\/p>\n<h3>Pourquoi l\u2019interrogatoire est-il essentiel ?<\/h3>\n<p>Parce qu\u2019il oriente d\u00e9j\u00e0 tr\u00e8s fortement le diagnostic. La dur\u00e9e de la crise, son mode de d\u00e9clenchement et les signes associ\u00e9s sont tr\u00e8s informatifs.<\/p>\n<p>Le praticien peut poser des questions sur :<br \/>\n&#8211; le caract\u00e8re rotatoire ou non ;<br \/>\n&#8211; la pr\u00e9sence de naus\u00e9es ;<br \/>\n&#8211; les acouph\u00e8nes ;<br \/>\n&#8211; la perte d\u2019audition ;<br \/>\n&#8211; les c\u00e9phal\u00e9es ;<br \/>\n&#8211; les ant\u00e9c\u00e9dents de migraine, de traumatisme cr\u00e2nien ou d\u2019otite.<\/p>\n<h3>Quels examens peuvent \u00eatre r\u00e9alis\u00e9s ?<\/h3>\n<p>Selon le contexte, plusieurs examens peuvent \u00eatre utiles. Le choix d\u00e9pend du type de vertige suspect\u00e9.<\/p>\n<p>On peut proposer :<br \/>\n1. un examen ORL avec observation des yeux et de l\u2019\u00e9quilibre ;<br \/>\n2. des tests positionnels comme la man\u0153uvre de Dix-Hallpike ;<br \/>\n3. un examen neurologique ;<br \/>\n4. une prise de tension ;<br \/>\n5. une glyc\u00e9mie ;<br \/>\n6. parfois une IRM ou un scanner si une cause centrale est suspect\u00e9e.<\/p>\n<h3>Quand faut-il demander une imagerie ?<\/h3>\n<p>L\u2019imagerie n\u2019est pas syst\u00e9matique. Elle devient utile si le m\u00e9decin suspecte une atteinte du cerveau ou un autre trouble grave.<\/p>\n<p>Cela concerne par exemple les vertiges avec d\u00e9ficit neurologique, c\u00e9phal\u00e9e brutale, traumatisme r\u00e9cent ou \u00e9volution inhabituelle. La d\u00e9cision repose sur le tableau clinique, pas seulement sur l\u2019intensit\u00e9 des sympt\u00f4mes.<\/p>\n<h2>Vertiges : quels traitements selon la cause ?<\/h2>\n<p>Le traitement d\u00e9pend toujours de la cause identifi\u00e9e. Il ne s\u2019agit donc pas de traiter \u201cles vertiges\u201d de fa\u00e7on uniforme.<\/p>\n<h3>Comment traite-t-on le vertige positionnel ?<\/h3>\n<p>Le VPPB se traite souvent par des man\u0153uvres de repositionnement. Elles visent \u00e0 remettre les cristaux dans leur zone normale.<\/p>\n<p>Ces gestes sont r\u00e9alis\u00e9s par un m\u00e9decin form\u00e9, un kin\u00e9sith\u00e9rapeute vestibulaire ou un ORL. Ils donnent souvent de bons r\u00e9sultats en peu de s\u00e9ances.<\/p>\n<h3>Quels m\u00e9dicaments peuvent \u00eatre prescrits ?<\/h3>\n<p>Certains m\u00e9dicaments peuvent aider en phase aigu\u00eb, surtout en cas de naus\u00e9es importantes. Ils sont choisis avec prudence, car ils peuvent parfois ralentir la compensation vestibulaire.<\/p>\n<p>Selon la situation, le m\u00e9decin peut proposer :<br \/>\n&#8211; un anti\u00e9m\u00e9tique contre les vomissements ;<br \/>\n&#8211; un traitement symptomatique court ;<br \/>\n&#8211; parfois des cortico\u00efdes dans certaines n\u00e9vrites vestibulaires ;<br \/>\n&#8211; un traitement de fond si la cause est migra\u00eeneuse ou chronique.<\/p>\n<p>L\u2019autom\u00e9dication n\u2019est pas id\u00e9ale, car certains produits masquent les signes sans corriger la cause.<\/p>\n<h3>La r\u00e9\u00e9ducation vestibulaire est-elle utile ?<\/h3>\n<p>Oui, elle est souvent tr\u00e8s utile. Elle consiste \u00e0 r\u00e9entra\u00eener le cerveau \u00e0 mieux g\u00e9rer les informations de l\u2019\u00e9quilibre.<\/p>\n<p>Cette r\u00e9\u00e9ducation aide particuli\u00e8rement apr\u00e8s une atteinte de l\u2019oreille interne, une n\u00e9vrite vestibulaire ou des vertiges persistants. Elle reduz l\u2019instabilit\u00e9, am\u00e9liore la marche et limite la peur de bouger.<\/p>\n<h3>Faut-il adapter son mode de vie ?<\/h3>\n<p>Oui, certaines mesures simples peuvent r\u00e9duire les r\u00e9cidives ou les malaises. Elles sont surtout utiles si les vertiges sont li\u00e9s \u00e0 la tension basse, \u00e0 la d\u00e9shydratation ou \u00e0 la chaleur.<\/p>\n<p>Les conseils fr\u00e9quents sont :<br \/>\n&#8211; se lever progressivement ;<br \/>\n&#8211; \u00e9viter les changements brusques de position ;<br \/>\n&#8211; maintenir un apport hydrique correct ;<br \/>\n&#8211; limiter l\u2019alcool ;<br \/>\n&#8211; surveiller la prise de m\u00e9dicaments qui abaissent la tension ;<br \/>\n&#8211; se prot\u00e9ger lors des fortes chaleurs entre 11 h et 17 h.<\/p>\n<h2>Vertiges et chaleur : quel lien faut-il conna\u00eetre ?<\/h2>\n<p>La chaleur peut favoriser des malaises, des sensations de t\u00eate vide et des vertiges. Ce lien est important pendant les \u00e9pisodes de canicule.<\/p>\n<p>Quand la temp\u00e9rature grimpe, le corps dilate les vaisseaux pour \u00e9vacuer la chaleur. La tension peut alors baisser, surtout chez les personnes \u00e2g\u00e9es, les enfants, les femmes enceintes ou les personnes prenant certains traitements.<\/p>\n<h3>Pourquoi les fortes chaleurs aggravent-elles les vertiges ?<\/h3>\n<p>La sueur entra\u00eene une perte d\u2019eau et de sels min\u00e9raux. Si ces pertes ne sont pas compens\u00e9es, la circulation devient moins efficace.<\/p>\n<p>Le risque augmente lors d\u2019une exposition prolong\u00e9e au soleil, dans un espace mal ventil\u00e9 ou pendant une activit\u00e9 physique entre 11 h et 17 h. Le gouvernement et le Minist\u00e8re de la Sant\u00e9 rappellent l\u2019importance de s\u2019hydrater r\u00e9guli\u00e8rement, d\u2019\u00e9viter l\u2019effort aux heures chaudes et de rester au frais.<\/p>\n<h3>Quels signes doivent alerter en p\u00e9riode de chaleur ?<\/h3>\n<p>Les sympt\u00f4mes peuvent aller du simple malaise au coup de chaleur. Il faut rester vigilant si apparaissent :<br \/>\n&#8211; une temp\u00e9rature corporelle \u00e9lev\u00e9e ;<br \/>\n&#8211; une peau tr\u00e8s chaude ;<br \/>\n&#8211; une confusion ;<br \/>\n&#8211; des vomissements ;<br \/>\n&#8211; des vertiges intenses ;<br \/>\n&#8211; une perte de connaissance.<\/p>\n<p>Le coup de chaleur constitue une urgence. Il peut \u00e9voluer rapidement, surtout si la temp\u00e9rature interne approche 39 \u00e0 40 \u00b0C.<\/p>\n<h2>Quand faut-il consulter en urgence pour des vertiges ?<\/h2>\n<p>Certains signes imposent une prise en charge rapide. Il ne faut pas attendre si les vertiges surviennent avec des sympt\u00f4mes neurologiques.<\/p>\n<h3>Quels sont les signes d\u2019alerte majeurs ?<\/h3>\n<p>Il faut appeler les secours ou consulter en urgence si les vertiges s\u2019accompagnent de :<br \/>\n&#8211; faiblesse d\u2019un c\u00f4t\u00e9 du corps ;<br \/>\n&#8211; trouble de la parole ;<br \/>\n&#8211; maux de t\u00eate brutaux ;<br \/>\n&#8211; vision double ;<br \/>\n&#8211; douleur thoracique ;<br \/>\n&#8211; perte de connaissance ;<br \/>\n&#8211; fi\u00e8vre \u00e9lev\u00e9e avec raideur ;<br \/>\n&#8211; difficult\u00e9 \u00e0 marcher importante.<\/p>\n<h3>Quand prendre rendez-vous sans urgence ?<\/h3>\n<p>Une consultation programm\u00e9e suffit si les vertiges reviennent r\u00e9guli\u00e8rement, durent depuis plusieurs jours ou perturbent la vie quotidienne. C\u2019est aussi le cas lorsqu\u2019ils s\u2019accompagnent d\u2019acouph\u00e8nes, de baisse d\u2019audition ou d\u2019otites r\u00e9p\u00e9t\u00e9es.<\/p>\n<p>L\u2019objectif est alors d\u2019identifier la cause et d\u2019\u00e9viter les r\u00e9cidives. Plus le diagnostic est pr\u00e9cis, plus le traitement devient efficace.<\/p>\n<h2>Comment pr\u00e9venir les vertiges au quotidien ?<\/h2>\n<p>La pr\u00e9vention d\u00e9pend de la cause, mais plusieurs habitudes r\u00e9duisent le risque de malaise ou d\u2019\u00e9pisode vestibulaire.<\/p>\n<h3>Quelles habitudes simples sont utiles ?<\/h3>\n<p>Certaines mesures sont faciles \u00e0 mettre en place :<br \/>\n&#8211; se lever lentement apr\u00e8s le repos ;<br \/>\n&#8211; manger r\u00e9guli\u00e8rement ;<br \/>\n&#8211; \u00e9viter les longues expositions au soleil ;<br \/>\n&#8211; limiter l\u2019alcool ;<br \/>\n&#8211; soutenir l\u2019hydratation en cas de chaleur ;<br \/>\n&#8211; dormir suffisamment ;<br \/>\n&#8211; signaler les m\u00e9dicaments pouvant favoriser l\u2019hypotension.<\/p>\n<h3>Peut-on r\u00e9duire les r\u00e9cidives si l\u2019on est sujet aux vertiges ?<\/h3>\n<p>Oui, surtout lorsqu\u2019un diagnostic pr\u00e9cis a \u00e9t\u00e9 pos\u00e9. Un traitement de fond peut \u00eatre propos\u00e9 dans la migraine vestibulaire, la maladie de M\u00e9ni\u00e8re ou certaines atteintes chroniques de l\u2019oreille interne.<\/p>\n<p>Le suivi m\u00e9dical permet aussi d\u2019ajuster les facteurs d\u00e9clenchants. Chez certaines personnes, un simple changement de posture ou une r\u00e9\u00e9ducation suffit \u00e0 diminuer nettement les \u00e9pisodes.<\/p>\n<h2>FAQ sur les vertiges<\/h2>\n<h3>Les vertiges sont-ils toujours li\u00e9s \u00e0 l\u2019oreille interne ?<\/h3>\n<p>Non. Beaucoup de vertiges viennent de l\u2019oreille interne, mais d\u2019autres causes existent, comme l\u2019hypotension, la d\u00e9shydratation, l\u2019an\u00e9mie, la migraine ou un trouble neurologique.<\/p>\n<h3>Combien de temps peuvent durer des vertiges b\u00e9nins ?<\/h3>\n<p>Cela d\u00e9pend de la cause. Un VPPB dure souvent quelques secondes par crise, alors qu\u2019une n\u00e9vrite vestibulaire peut provoquer un d\u00e9s\u00e9quilibre pendant plusieurs jours.<\/p>\n<h3>Les vertiges peuvent-ils venir d\u2019un m\u00e9dicament ?<\/h3>\n<p>Oui. Certains m\u00e9dicaments peuvent favoriser une baisse de tension, une somnolence ou un trouble de l\u2019\u00e9quilibre. C\u2019est pourquoi la liste des traitements en cours doit toujours \u00eatre revue.<\/p>\n<h3>Faut-il arr\u00eater de bouger quand on a des vertiges ?<\/h3>\n<p>Pas n\u00e9cessairement. En cas de vertige intense, il faut s\u2019asseoir ou s\u2019allonger pour \u00e9viter une chute. Ensuite, la reprise progressive des mouvements d\u00e9pend de la cause et de l\u2019avis m\u00e9dical.<\/p>\n<h3>Les vertiges sont-ils dangereux chez la personne \u00e2g\u00e9e ?<\/h3>\n<p>Ils peuvent l\u2019\u00eatre davantage, car le risque de chute augmente. Un bilan est donc important, surtout si les \u00e9pisodes sont r\u00e9cents, fr\u00e9quents ou associ\u00e9s \u00e0 d\u2019autres sympt\u00f4mes.<\/p>\n<h2>Vertiges : pourquoi un diagnostic pr\u00e9cis change tout ?<\/h2>\n<p>Les vertiges peuvent sembler semblables, mais leurs causes et leurs traitements diff\u00e8rent \u00e9norm\u00e9ment. Un bon diagnostic \u00e9vite de passer \u00e0 c\u00f4t\u00e9 d\u2019une urgence et permet aussi de ne pas banaliser un trouble b\u00e9nin mais g\u00eanant.<\/p>\n<p>En pratique, le contexte, la dur\u00e9e, les signes associ\u00e9s et les facteurs d\u00e9clenchants guident le m\u00e9decin. Plus l\u2019\u00e9valuation est rapide, plus la prise en charge devient efficace et rassurante.<\/p>\n<p>Les vertiges ne doivent donc jamais \u00eatre ignor\u00e9s s\u2019ils se r\u00e9p\u00e8tent, s\u2019intensifient ou s\u2019accompagnent de signes inhabituels. Mieux vaut consulter en cas de doute pour identifier la cause exacte, recevoir le bon traitement et pr\u00e9venir les complications.<\/p>\n<h2>Sources<\/h2>\n<ul>\n<li>Agence nationale de s\u00e9curit\u00e9 sanitaire de l\u2019alimentation, de l\u2019environnement et du travail. (2024). <em>Canicule et sant\u00e9 : recommandations de pr\u00e9vention<\/em>. ANSES.<\/li>\n<li>Haute Autorit\u00e9 de Sant\u00e9. (2020). <em>Vertiges et troubles de l\u2019\u00e9quilibre de l\u2019adulte : conduite diagnostique<\/em>. HAS.<\/li>\n<li>Institut national de la sant\u00e9 et de la recherche m\u00e9dicale. (2023). <em>Troubles de l\u2019\u00e9quilibre et vertiges : comprendre les m\u00e9canismes<\/em>. Inserm.<\/li>\n<li>Minist\u00e8re du Travail, de la Sant\u00e9 et des Solidarit\u00e9s. (2024). <em>Canicule : les bons r\u00e9flexes<\/em>. Gouvernement.fr.<\/li>\n<li>R\u00e9si, D., Leveque, M., &amp; Parietti-Winkler, C. (2021). Benign paroxysmal positional vertigo: Current concepts and management. <em>European Annals of Otorhinolaryngology, Head and Neck Diseases, 138<\/em>(4), 173\u2013178.<\/li>\n<\/ul>\n","protected":false},"excerpt":{"rendered":"<p>Cliquez ici pour tout comprendre sur vertiges : sympt\u00f4mes, causes et traitements expliqu\u00e9s par nos m\u00e9decins, et savoir quand consulter.<\/p>\n","protected":false},"author":28,"featured_media":0,"comment_status":"open","ping_status":"open","sticky":false,"template":"","format":"standard","meta":{"_acf_changed":false,"inline_featured_image":false,"footnotes":""},"categories":[575],"tags":[],"class_list":["post-38645","post","type-post","status-publish","format-standard","hentry","category-sante-generale"],"acf":[],"yoast_head":"<!-- This site is optimized with the Yoast SEO Premium plugin v28.2 (Yoast SEO v28.2) - https:\/\/yoast.com\/product\/yoast-seo-premium-wordpress\/ -->\n<title>Vertiges : causes, sympt\u00f4mes et traitement | Hellocare<\/title>\n<meta name=\"description\" content=\"Cliquez ici pour tout comprendre sur vertiges : sympt\u00f4mes, causes et traitements expliqu\u00e9s par nos m\u00e9decins, et savoir quand consulter.\" \/>\n<meta name=\"robots\" content=\"index, follow, max-snippet:-1, max-image-preview:large, max-video-preview:-1\" \/>\n<link rel=\"canonical\" href=\"https:\/\/www.hellocare.com\/blog\/vertiges-symptomes-causes-et-traitement\/\" \/>\n<meta property=\"og:locale\" content=\"fr_FR\" \/>\n<meta property=\"og:type\" content=\"article\" \/>\n<meta property=\"og:title\" content=\"Vertiges : sympt\u00f4mes, causes et traitement\" \/>\n<meta property=\"og:description\" content=\"Cliquez ici pour tout comprendre sur vertiges : sympt\u00f4mes, causes et traitements expliqu\u00e9s par nos m\u00e9decins, et savoir quand consulter.\" \/>\n<meta property=\"og:url\" content=\"https:\/\/www.hellocare.com\/blog\/vertiges-symptomes-causes-et-traitement\/\" \/>\n<meta property=\"og:site_name\" content=\"Hellocare\" \/>\n<meta property=\"article:publisher\" content=\"https:\/\/www.facebook.com\/hellocareapp\/\" \/>\n<meta property=\"article:published_time\" content=\"2026-07-15T12:41:04+00:00\" \/>\n<meta property=\"article:modified_time\" content=\"2026-09-04T09:23:53+00:00\" \/>\n<meta property=\"og:image\" content=\"https:\/\/wordpress.hc-prod.kub.hellocare.net\/blog\/wp-content\/uploads\/2025\/06\/Union-1.png\" \/>\n\t<meta property=\"og:image:width\" content=\"251\" \/>\n\t<meta property=\"og:image:height\" content=\"223\" \/>\n\t<meta property=\"og:image:type\" content=\"image\/png\" \/>\n<meta name=\"author\" content=\"Hellocare\" \/>\n<meta name=\"twitter:card\" content=\"summary_large_image\" \/>\n<meta name=\"twitter:creator\" content=\"@hellocareapp\" \/>\n<meta name=\"twitter:site\" content=\"@hellocareapp\" \/>\n<meta name=\"twitter:label1\" content=\"\u00c9crit par\" \/>\n\t<meta name=\"twitter:data1\" content=\"Hellocare\" \/>\n\t<meta name=\"twitter:label2\" content=\"Dur\u00e9e de lecture estim\u00e9e\" \/>\n\t<meta name=\"twitter:data2\" content=\"14 minutes\" \/>\n<script type=\"application\/ld+json\" class=\"yoast-schema-graph\">{\"@context\":\"https:\\\/\\\/schema.org\",\"@graph\":[{\"@type\":\"Article\",\"@id\":\"https:\\\/\\\/www.hellocare.com\\\/blog\\\/vertiges-symptomes-causes-et-traitement\\\/#article\",\"isPartOf\":{\"@id\":\"https:\\\/\\\/www.hellocare.com\\\/blog\\\/vertiges-symptomes-causes-et-traitement\\\/\"},\"author\":{\"name\":\"Hellocare\",\"@id\":\"https:\\\/\\\/www.hellocare.com\\\/blog\\\/#\\\/schema\\\/person\\\/8492c523f1a5dfe64a4cd21d019a9d1b\"},\"headline\":\"Vertiges : sympt\u00f4mes, causes et traitement\",\"datePublished\":\"2026-07-15T12:41:04+00:00\",\"dateModified\":\"2026-09-04T09:23:53+00:00\",\"mainEntityOfPage\":{\"@id\":\"https:\\\/\\\/www.hellocare.com\\\/blog\\\/vertiges-symptomes-causes-et-traitement\\\/\"},\"wordCount\":2963,\"commentCount\":0,\"publisher\":{\"@id\":\"https:\\\/\\\/www.hellocare.com\\\/blog\\\/#organization\"},\"articleSection\":[\"Sant\u00e9 g\u00e9n\u00e9rale\"],\"inLanguage\":\"fr-FR\",\"potentialAction\":[{\"@type\":\"CommentAction\",\"name\":\"Comment\",\"target\":[\"https:\\\/\\\/www.hellocare.com\\\/blog\\\/vertiges-symptomes-causes-et-traitement\\\/#respond\"]}]},{\"@type\":\"WebPage\",\"@id\":\"https:\\\/\\\/www.hellocare.com\\\/blog\\\/vertiges-symptomes-causes-et-traitement\\\/\",\"url\":\"https:\\\/\\\/www.hellocare.com\\\/blog\\\/vertiges-symptomes-causes-et-traitement\\\/\",\"name\":\"Vertiges : causes, sympt\u00f4mes et traitement | Hellocare\",\"isPartOf\":{\"@id\":\"https:\\\/\\\/www.hellocare.com\\\/blog\\\/#website\"},\"datePublished\":\"2026-07-15T12:41:04+00:00\",\"dateModified\":\"2026-09-04T09:23:53+00:00\",\"description\":\"Cliquez ici pour tout comprendre sur vertiges : sympt\u00f4mes, causes et traitements expliqu\u00e9s par nos m\u00e9decins, et savoir quand consulter.\",\"breadcrumb\":{\"@id\":\"https:\\\/\\\/www.hellocare.com\\\/blog\\\/vertiges-symptomes-causes-et-traitement\\\/#breadcrumb\"},\"inLanguage\":\"fr-FR\",\"potentialAction\":[{\"@type\":\"ReadAction\",\"target\":[\"https:\\\/\\\/www.hellocare.com\\\/blog\\\/vertiges-symptomes-causes-et-traitement\\\/\"]}]},{\"@type\":\"BreadcrumbList\",\"@id\":\"https:\\\/\\\/www.hellocare.com\\\/blog\\\/vertiges-symptomes-causes-et-traitement\\\/#breadcrumb\",\"itemListElement\":[{\"@type\":\"ListItem\",\"position\":1,\"name\":\"Accueil\",\"item\":\"https:\\\/\\\/www.hellocare.com\\\/blog\\\/\"},{\"@type\":\"ListItem\",\"position\":2,\"name\":\"Vertiges : sympt\u00f4mes, causes et traitement\"}]},{\"@type\":\"WebSite\",\"@id\":\"https:\\\/\\\/www.hellocare.com\\\/blog\\\/#website\",\"url\":\"https:\\\/\\\/www.hellocare.com\\\/blog\\\/\",\"name\":\"Hellocare\",\"description\":\"T\u00e9l\u00e9consultation et M\u00e9decin en ligne\",\"publisher\":{\"@id\":\"https:\\\/\\\/www.hellocare.com\\\/blog\\\/#organization\"},\"potentialAction\":[{\"@type\":\"SearchAction\",\"target\":{\"@type\":\"EntryPoint\",\"urlTemplate\":\"https:\\\/\\\/www.hellocare.com\\\/blog\\\/?s={search_term_string}\"},\"query-input\":{\"@type\":\"PropertyValueSpecification\",\"valueRequired\":true,\"valueName\":\"search_term_string\"}}],\"inLanguage\":\"fr-FR\"},{\"@type\":\"Organization\",\"@id\":\"https:\\\/\\\/www.hellocare.com\\\/blog\\\/#organization\",\"name\":\"Hellocare\",\"url\":\"https:\\\/\\\/www.hellocare.com\\\/blog\\\/\",\"logo\":{\"@type\":\"ImageObject\",\"inLanguage\":\"fr-FR\",\"@id\":\"https:\\\/\\\/www.hellocare.com\\\/blog\\\/#\\\/schema\\\/logo\\\/image\\\/\",\"url\":\"https:\\\/\\\/www.hellocare.com\\\/blog\\\/wp-content\\\/uploads\\\/2020\\\/04\\\/Logo_hellocare.png\",\"contentUrl\":\"https:\\\/\\\/www.hellocare.com\\\/blog\\\/wp-content\\\/uploads\\\/2020\\\/04\\\/Logo_hellocare.png\",\"width\":537,\"height\":431,\"caption\":\"Hellocare\"},\"image\":{\"@id\":\"https:\\\/\\\/www.hellocare.com\\\/blog\\\/#\\\/schema\\\/logo\\\/image\\\/\"},\"sameAs\":[\"https:\\\/\\\/www.facebook.com\\\/hellocareapp\\\/\",\"https:\\\/\\\/x.com\\\/hellocareapp\",\"https:\\\/\\\/www.instagram.com\\\/hellocareapp\",\"https:\\\/\\\/www.linkedin.com\\\/company\\\/hellocare---health-care-everywhere\"],\"description\":\"Sur Hellocare vous pouvez consulter des m\u00e9decins g\u00e9n\u00e9ralistes, des sp\u00e9cialistes ou des th\u00e9rapeutes disponibles pour tous, et rapidement !\",\"email\":\"hello@hellocare.com\",\"telephone\":\"04 85 80 00 23\",\"legalName\":\"Hellocare SAS\",\"foundingDate\":\"2016-06-24\",\"vatID\":\"FR68821232121\",\"taxID\":\"82123212100045\"},{\"@type\":\"Person\",\"@id\":\"https:\\\/\\\/www.hellocare.com\\\/blog\\\/#\\\/schema\\\/person\\\/8492c523f1a5dfe64a4cd21d019a9d1b\",\"name\":\"Hellocare\",\"image\":{\"@type\":\"ImageObject\",\"inLanguage\":\"fr-FR\",\"@id\":\"https:\\\/\\\/wordpress.hc-prod.kub.hellocare.net\\\/blog\\\/wp-content\\\/uploads\\\/2026\\\/01\\\/Logo_hellocare.png\",\"url\":\"https:\\\/\\\/wordpress.hc-prod.kub.hellocare.net\\\/blog\\\/wp-content\\\/uploads\\\/2026\\\/01\\\/Logo_hellocare.png\",\"contentUrl\":\"https:\\\/\\\/wordpress.hc-prod.kub.hellocare.net\\\/blog\\\/wp-content\\\/uploads\\\/2026\\\/01\\\/Logo_hellocare.png\",\"caption\":\"Hellocare\"},\"description\":\"D\u00e9couvrez les conseils sant\u00e9 et bien-\u00eatre de Hellocare, votre expert sant\u00e9 en ligne. Informez-vous et prenez soin de vous d\u00e8s aujourd\u2019hui !\",\"url\":\"https:\\\/\\\/wordpress.hc-prod.kub.hellocare.net\\\/blog\\\/author\\\/hellocare\\\/\"}]}<\/script>\n<!-- \/ Yoast SEO Premium plugin. -->","yoast_head_json":{"title":"Vertiges : causes, sympt\u00f4mes et traitement | Hellocare","description":"Cliquez ici pour tout comprendre sur vertiges : sympt\u00f4mes, causes et traitements expliqu\u00e9s par nos m\u00e9decins, et savoir quand consulter.","robots":{"index":"index","follow":"follow","max-snippet":"max-snippet:-1","max-image-preview":"max-image-preview:large","max-video-preview":"max-video-preview:-1"},"canonical":"https:\/\/www.hellocare.com\/blog\/vertiges-symptomes-causes-et-traitement\/","og_locale":"fr_FR","og_type":"article","og_title":"Vertiges : sympt\u00f4mes, causes et traitement","og_description":"Cliquez ici pour tout comprendre sur vertiges : sympt\u00f4mes, causes et traitements expliqu\u00e9s par nos m\u00e9decins, et savoir quand consulter.","og_url":"https:\/\/www.hellocare.com\/blog\/vertiges-symptomes-causes-et-traitement\/","og_site_name":"Hellocare","article_publisher":"https:\/\/www.facebook.com\/hellocareapp\/","article_published_time":"2026-07-15T12:41:04+00:00","article_modified_time":"2026-09-04T09:23:53+00:00","og_image":[{"width":251,"height":223,"url":"https:\/\/wordpress.hc-prod.kub.hellocare.net\/blog\/wp-content\/uploads\/2025\/06\/Union-1.png","type":"image\/png"}],"author":"Hellocare","twitter_card":"summary_large_image","twitter_creator":"@hellocareapp","twitter_site":"@hellocareapp","twitter_misc":{"\u00c9crit par":"Hellocare","Dur\u00e9e de lecture estim\u00e9e":"14 minutes"},"schema":{"@context":"https:\/\/schema.org","@graph":[{"@type":"Article","@id":"https:\/\/www.hellocare.com\/blog\/vertiges-symptomes-causes-et-traitement\/#article","isPartOf":{"@id":"https:\/\/www.hellocare.com\/blog\/vertiges-symptomes-causes-et-traitement\/"},"author":{"name":"Hellocare","@id":"https:\/\/www.hellocare.com\/blog\/#\/schema\/person\/8492c523f1a5dfe64a4cd21d019a9d1b"},"headline":"Vertiges : sympt\u00f4mes, causes et traitement","datePublished":"2026-07-15T12:41:04+00:00","dateModified":"2026-09-04T09:23:53+00:00","mainEntityOfPage":{"@id":"https:\/\/www.hellocare.com\/blog\/vertiges-symptomes-causes-et-traitement\/"},"wordCount":2963,"commentCount":0,"publisher":{"@id":"https:\/\/www.hellocare.com\/blog\/#organization"},"articleSection":["Sant\u00e9 g\u00e9n\u00e9rale"],"inLanguage":"fr-FR","potentialAction":[{"@type":"CommentAction","name":"Comment","target":["https:\/\/www.hellocare.com\/blog\/vertiges-symptomes-causes-et-traitement\/#respond"]}]},{"@type":"WebPage","@id":"https:\/\/www.hellocare.com\/blog\/vertiges-symptomes-causes-et-traitement\/","url":"https:\/\/www.hellocare.com\/blog\/vertiges-symptomes-causes-et-traitement\/","name":"Vertiges : causes, sympt\u00f4mes et traitement | Hellocare","isPartOf":{"@id":"https:\/\/www.hellocare.com\/blog\/#website"},"datePublished":"2026-07-15T12:41:04+00:00","dateModified":"2026-09-04T09:23:53+00:00","description":"Cliquez ici pour tout comprendre sur vertiges : sympt\u00f4mes, causes et traitements expliqu\u00e9s par nos m\u00e9decins, et savoir quand consulter.","breadcrumb":{"@id":"https:\/\/www.hellocare.com\/blog\/vertiges-symptomes-causes-et-traitement\/#breadcrumb"},"inLanguage":"fr-FR","potentialAction":[{"@type":"ReadAction","target":["https:\/\/www.hellocare.com\/blog\/vertiges-symptomes-causes-et-traitement\/"]}]},{"@type":"BreadcrumbList","@id":"https:\/\/www.hellocare.com\/blog\/vertiges-symptomes-causes-et-traitement\/#breadcrumb","itemListElement":[{"@type":"ListItem","position":1,"name":"Accueil","item":"https:\/\/www.hellocare.com\/blog\/"},{"@type":"ListItem","position":2,"name":"Vertiges : sympt\u00f4mes, causes et traitement"}]},{"@type":"WebSite","@id":"https:\/\/www.hellocare.com\/blog\/#website","url":"https:\/\/www.hellocare.com\/blog\/","name":"Hellocare","description":"T\u00e9l\u00e9consultation et M\u00e9decin en ligne","publisher":{"@id":"https:\/\/www.hellocare.com\/blog\/#organization"},"potentialAction":[{"@type":"SearchAction","target":{"@type":"EntryPoint","urlTemplate":"https:\/\/www.hellocare.com\/blog\/?s={search_term_string}"},"query-input":{"@type":"PropertyValueSpecification","valueRequired":true,"valueName":"search_term_string"}}],"inLanguage":"fr-FR"},{"@type":"Organization","@id":"https:\/\/www.hellocare.com\/blog\/#organization","name":"Hellocare","url":"https:\/\/www.hellocare.com\/blog\/","logo":{"@type":"ImageObject","inLanguage":"fr-FR","@id":"https:\/\/www.hellocare.com\/blog\/#\/schema\/logo\/image\/","url":"https:\/\/www.hellocare.com\/blog\/wp-content\/uploads\/2020\/04\/Logo_hellocare.png","contentUrl":"https:\/\/www.hellocare.com\/blog\/wp-content\/uploads\/2020\/04\/Logo_hellocare.png","width":537,"height":431,"caption":"Hellocare"},"image":{"@id":"https:\/\/www.hellocare.com\/blog\/#\/schema\/logo\/image\/"},"sameAs":["https:\/\/www.facebook.com\/hellocareapp\/","https:\/\/x.com\/hellocareapp","https:\/\/www.instagram.com\/hellocareapp","https:\/\/www.linkedin.com\/company\/hellocare---health-care-everywhere"],"description":"Sur Hellocare vous pouvez consulter des m\u00e9decins g\u00e9n\u00e9ralistes, des sp\u00e9cialistes ou des th\u00e9rapeutes disponibles pour tous, et rapidement !","email":"hello@hellocare.com","telephone":"04 85 80 00 23","legalName":"Hellocare SAS","foundingDate":"2016-06-24","vatID":"FR68821232121","taxID":"82123212100045"},{"@type":"Person","@id":"https:\/\/www.hellocare.com\/blog\/#\/schema\/person\/8492c523f1a5dfe64a4cd21d019a9d1b","name":"Hellocare","image":{"@type":"ImageObject","inLanguage":"fr-FR","@id":"https:\/\/wordpress.hc-prod.kub.hellocare.net\/blog\/wp-content\/uploads\/2026\/01\/Logo_hellocare.png","url":"https:\/\/wordpress.hc-prod.kub.hellocare.net\/blog\/wp-content\/uploads\/2026\/01\/Logo_hellocare.png","contentUrl":"https:\/\/wordpress.hc-prod.kub.hellocare.net\/blog\/wp-content\/uploads\/2026\/01\/Logo_hellocare.png","caption":"Hellocare"},"description":"D\u00e9couvrez les conseils sant\u00e9 et bien-\u00eatre de Hellocare, votre expert sant\u00e9 en ligne. Informez-vous et prenez soin de vous d\u00e8s aujourd\u2019hui !","url":"https:\/\/wordpress.hc-prod.kub.hellocare.net\/blog\/author\/hellocare\/"}]}},"_links":{"self":[{"href":"https:\/\/wordpress.hc-prod.kub.hellocare.net\/blog\/wp-json\/wp\/v2\/posts\/38645","targetHints":{"allow":["GET"]}}],"collection":[{"href":"https:\/\/wordpress.hc-prod.kub.hellocare.net\/blog\/wp-json\/wp\/v2\/posts"}],"about":[{"href":"https:\/\/wordpress.hc-prod.kub.hellocare.net\/blog\/wp-json\/wp\/v2\/types\/post"}],"author":[{"embeddable":true,"href":"https:\/\/wordpress.hc-prod.kub.hellocare.net\/blog\/wp-json\/wp\/v2\/users\/28"}],"replies":[{"embeddable":true,"href":"https:\/\/wordpress.hc-prod.kub.hellocare.net\/blog\/wp-json\/wp\/v2\/comments?post=38645"}],"version-history":[{"count":1,"href":"https:\/\/wordpress.hc-prod.kub.hellocare.net\/blog\/wp-json\/wp\/v2\/posts\/38645\/revisions"}],"predecessor-version":[{"id":39513,"href":"https:\/\/wordpress.hc-prod.kub.hellocare.net\/blog\/wp-json\/wp\/v2\/posts\/38645\/revisions\/39513"}],"wp:attachment":[{"href":"https:\/\/wordpress.hc-prod.kub.hellocare.net\/blog\/wp-json\/wp\/v2\/media?parent=38645"}],"wp:term":[{"taxonomy":"category","embeddable":true,"href":"https:\/\/wordpress.hc-prod.kub.hellocare.net\/blog\/wp-json\/wp\/v2\/categories?post=38645"},{"taxonomy":"post_tag","embeddable":true,"href":"https:\/\/wordpress.hc-prod.kub.hellocare.net\/blog\/wp-json\/wp\/v2\/tags?post=38645"}],"curies":[{"name":"wp","href":"https:\/\/api.w.org\/{rel}","templated":true}]}}